{"id":6658,"date":"2024-10-02T16:54:58","date_gmt":"2024-10-02T14:54:58","guid":{"rendered":"https:\/\/ibqtextiles.com\/?p=6658"},"modified":"2024-12-02T16:56:19","modified_gmt":"2024-12-02T15:56:19","slug":"circular-textile-days","status":"publish","type":"post","link":"https:\/\/ibqtextiles.com\/en\/circular-textile-days\/","title":{"rendered":"Circular Textile Days"},"content":{"rendered":"<style>.wp-block-kadence-advancedheading.kt-adv-heading6658_f5339e-e4, .wp-block-kadence-advancedheading.kt-adv-heading6658_f5339e-e4[data-kb-block=\"kb-adv-heading6658_f5339e-e4\"]{font-style:normal;}.wp-block-kadence-advancedheading.kt-adv-heading6658_f5339e-e4 mark.kt-highlight, .wp-block-kadence-advancedheading.kt-adv-heading6658_f5339e-e4[data-kb-block=\"kb-adv-heading6658_f5339e-e4\"] mark.kt-highlight{font-style:normal;color:#f76a0c;-webkit-box-decoration-break:clone;box-decoration-break:clone;padding-top:0px;padding-right:0px;padding-bottom:0px;padding-left:0px;}.wp-block-kadence-advancedheading.kt-adv-heading6658_f5339e-e4 img.kb-inline-image, .wp-block-kadence-advancedheading.kt-adv-heading6658_f5339e-e4[data-kb-block=\"kb-adv-heading6658_f5339e-e4\"] img.kb-inline-image{width:150px;vertical-align:baseline;}<\/style>\n<h2 class=\"kt-adv-heading6658_f5339e-e4 wp-block-kadence-advancedheading\" data-kb-block=\"kb-adv-heading6658_f5339e-e4\"><strong><strong>Circular Textile Days 2024: Innovaci\u00f3n y sostenibilidad en acci\u00f3n<\/strong><\/strong><\/h2>\n\n\n<style>.wp-block-kadence-image.kb-image6658_016411-83:not(.kb-specificity-added):not(.kb-extra-specificity-added){margin-bottom:var(--global-kb-spacing-xs, 1rem);}.kb-image6658_016411-83 .kb-image-has-overlay:after{opacity:0.3;}<\/style>\n<figure class=\"wp-block-kadence-image kb-image6658_016411-83 size-large\"><img loading=\"lazy\" decoding=\"async\" width=\"1024\" height=\"522\" src=\"https:\/\/ibqtextiles.com\/wp-content\/uploads\/2024\/09\/pot-ibq-2-1024x522.jpg\" alt=\"\" class=\"kb-img wp-image-5499\" srcset=\"https:\/\/ibqtextiles.com\/wp-content\/uploads\/2024\/09\/pot-ibq-2-1024x522.jpg 1024w, https:\/\/ibqtextiles.com\/wp-content\/uploads\/2024\/09\/pot-ibq-2-300x153.jpg 300w, https:\/\/ibqtextiles.com\/wp-content\/uploads\/2024\/09\/pot-ibq-2-768x391.jpg 768w, https:\/\/ibqtextiles.com\/wp-content\/uploads\/2024\/09\/pot-ibq-2-1536x783.jpg 1536w, https:\/\/ibqtextiles.com\/wp-content\/uploads\/2024\/09\/pot-ibq-2-1200x611.jpg 1200w, https:\/\/ibqtextiles.com\/wp-content\/uploads\/2024\/09\/pot-ibq-2.jpg 1800w\" sizes=\"auto, (max-width: 1024px) 100vw, 1024px\" \/><\/figure>\n\n\n\n<p style=\"border-style:none;border-width:0px\">El pasado 18 y 19 de septiembre tuvimos el placer de participar en Circular Textile Days 2024, un evento clave para la industria textil celebrado en \u2018s-Hertogenbosch, Holanda. Esta feria no solo es un punto de encuentro para expertos y profesionales, sino que tambi\u00e9n impulsa la transici\u00f3n hacia pr\u00e1cticas m\u00e1s sostenibles y eficientes en todo el sector textil.<\/p>\n\n\n\n<h5 class=\"wp-block-heading\"><strong>M\u00e1s all\u00e1 del di\u00e1logo: hacia la acci\u00f3n<\/strong><\/h5>\n\n\n\n<p>El lema de este a\u00f1o, \u00abMoving Beyond Dialogue\u00bb, encapsula perfectamente el esp\u00edritu del evento. Circular Textile Days se basa en conversaciones inspiradoras, donde destaca la necesidad de implementar soluciones reales que transformen la industria. Este enfoque pr\u00e1ctico es algo que en IBQ Textiles valoramos profundamente, ya que refleja nuestro compromiso de innovar y contribuir a un futuro m\u00e1s sostenible.<\/p>\n\n\n\n<p>El evento ofreci\u00f3 un ambiente vibrante de colaboraci\u00f3n, con la presencia de l\u00edderes visionarios, innovadores y expertos de toda la cadena de valor textil. Fue un espacio ideal para presentar nuestras \u00faltimas innovaciones, explorar tendencias emergentes y compartir ideas que impulsen el progreso en el sector.<\/p>\n\n\n<style>.wp-block-kadence-image.kb-image6658_054f68-2b:not(.kb-specificity-added):not(.kb-extra-specificity-added){margin-bottom:var(--global-kb-spacing-xs, 1rem);}.kb-image6658_054f68-2b .kb-image-has-overlay:after{opacity:0.3;}.kb-image6658_054f68-2b img.kb-img, .kb-image6658_054f68-2b .kb-img img{object-position:2% 2%;}<\/style>\n<figure class=\"wp-block-kadence-image kb-image6658_054f68-2b kb-image-is-ratio-size\"><div class=\"kb-is-ratio-image kb-image-ratio-land21\"><img loading=\"lazy\" decoding=\"async\" width=\"1017\" height=\"677\" src=\"https:\/\/ibqtextiles.com\/wp-content\/uploads\/2024\/09\/IBQ-CIRCULAR-DAYS-FAIR-2.jpg\" alt=\"\" class=\"kb-img wp-image-6656\" srcset=\"https:\/\/ibqtextiles.com\/wp-content\/uploads\/2024\/09\/IBQ-CIRCULAR-DAYS-FAIR-2.jpg 1017w, https:\/\/ibqtextiles.com\/wp-content\/uploads\/2024\/09\/IBQ-CIRCULAR-DAYS-FAIR-2-300x200.jpg 300w, https:\/\/ibqtextiles.com\/wp-content\/uploads\/2024\/09\/IBQ-CIRCULAR-DAYS-FAIR-2-768x511.jpg 768w, https:\/\/ibqtextiles.com\/wp-content\/uploads\/2024\/09\/IBQ-CIRCULAR-DAYS-FAIR-2-18x12.jpg 18w\" sizes=\"auto, (max-width: 1017px) 100vw, 1017px\" \/><\/div><\/figure>\n\n\n\n<h5 class=\"wp-block-heading\"><strong>Innovaci\u00f3n, protecci\u00f3n y sostenibilidad<\/strong><\/h5>\n\n\n\n<p>En IBQ Textiles, nuestra misi\u00f3n es clara, mejorar nuestros productos para crear la mejor combinaci\u00f3n entre innovaci\u00f3n, sostenibilidad y protecci\u00f3n, con la combinaci\u00f3n de las mejores fibras y los mejores acabados. Durante nuestra participaci\u00f3n en Circular Textile Days, tuvimos la oportunidad de destacar c\u00f3mo nuestros tejidos est\u00e1n alineados con las demandas globales de sostenibilidad y protecci\u00f3n.<\/p>\n\n\n\n<p>Desde tejidos t\u00e9cnicos dise\u00f1ados para ofrecer protecci\u00f3n sin comprometer el medio ambiente, hasta innovaciones en materiales que reducen el impacto ambiental, mostramos c\u00f3mo nuestras propuestas est\u00e1n liderando el camino hacia un futuro m\u00e1s consciente. Adem\u00e1s, este evento nos permiti\u00f3 reforzar relaciones con otros actores clave del sector, abriendo nuevas oportunidades de colaboraci\u00f3n que sin duda impulsar\u00e1n el crecimiento conjunto.<\/p>\n\n\n\n<p>Estamos orgullosos de formar parte de iniciativas como Circular Textile Days, que nos motivan a seguir innovando para un futuro m\u00e1s sostenible. Queremos agradecer a todos los que visitaron nuestro stand, compartieron ideas y mostraron inter\u00e9s en nuestras soluciones.<\/p>\n\n\n\n<p><strong>Si quieres mantenerte al d\u00eda sobre nuestras pr\u00f3ximas participaciones en eventos, innovaciones y noticias relacionadas con IBQ Textiles, te invitamos a suscribirte a nuestra Newsletter, para ser el primero en descubrir nuestras participaciones en pr\u00f3ximas ferias y eventos.<\/strong><\/p>\n\n\n\n<p><\/p>\n","protected":false},"excerpt":{"rendered":"<p>Circular Textile Days 2024: Innovation and sustainability in action On September 18 and 19, we had the pleasure of participating in Circular Textile Days\u2026<\/p>","protected":false},"author":8,"featured_media":5499,"comment_status":"closed","ping_status":"","sticky":false,"template":"","format":"standard","meta":{"_acf_changed":false,"_kad_blocks_custom_css":"","_kad_blocks_head_custom_js":"","_kad_blocks_body_custom_js":"","_kad_blocks_footer_custom_js":"","_monsterinsights_skip_tracking":false,"_monsterinsights_sitenote_active":false,"_monsterinsights_sitenote_note":"","_monsterinsights_sitenote_category":0,"_kadence_starter_templates_imported_post":false,"_kad_post_transparent":"","_kad_post_title":"","_kad_post_layout":"","_kad_post_sidebar_id":"","_kad_post_content_style":"","_kad_post_vertical_padding":"","_kad_post_feature":"","_kad_post_feature_position":"","_kad_post_header":false,"_kad_post_footer":false,"_kad_post_classname":"","footnotes":""},"categories":[1],"tags":[],"class_list":["post-6658","post","type-post","status-publish","format-standard","has-post-thumbnail","hentry","category-novedades"],"acf":[],"featured_image_url":{"thumbnail":"https:\/\/ibqtextiles.com\/wp-content\/uploads\/2024\/09\/pot-ibq-2-150x150.jpg","medium":"https:\/\/ibqtextiles.com\/wp-content\/uploads\/2024\/09\/pot-ibq-2-300x153.jpg","medium_large":"https:\/\/ibqtextiles.com\/wp-content\/uploads\/2024\/09\/pot-ibq-2-768x391.jpg","large":"https:\/\/ibqtextiles.com\/wp-content\/uploads\/2024\/09\/pot-ibq-2-1024x522.jpg","1536x1536":"https:\/\/ibqtextiles.com\/wp-content\/uploads\/2024\/09\/pot-ibq-2-1536x783.jpg","2048x2048":"https:\/\/ibqtextiles.com\/wp-content\/uploads\/2024\/09\/pot-ibq-2.jpg","trp-custom-language-flag":"https:\/\/ibqtextiles.com\/wp-content\/uploads\/2024\/09\/pot-ibq-2.jpg","woocommerce_thumbnail":"https:\/\/ibqtextiles.com\/wp-content\/uploads\/2024\/09\/pot-ibq-2-600x900.jpg","woocommerce_single":"https:\/\/ibqtextiles.com\/wp-content\/uploads\/2024\/09\/pot-ibq-2-1200x611.jpg","woocommerce_gallery_thumbnail":"https:\/\/ibqtextiles.com\/wp-content\/uploads\/2024\/09\/pot-ibq-2-100x100.jpg"},"post_author":"Pau Le\u00f3n","assigned_categories":"Novedades","taxonomy_info":{"category":[{"value":1,"label":"Novedades"}]},"featured_image_src_large":["https:\/\/ibqtextiles.com\/wp-content\/uploads\/2024\/09\/pot-ibq-2-1024x522.jpg",1024,522,true],"author_info":{"display_name":"Pau","author_link":"https:\/\/ibqtextiles.com\/en\/author\/pau\/"},"comment_info":0,"category_info":[{"term_id":1,"name":"Novedades","slug":"novedades","term_group":0,"term_taxonomy_id":1,"taxonomy":"category","description":"","parent":0,"count":21,"filter":"raw","term_order":"1","cat_ID":1,"category_count":21,"category_description":"","cat_name":"Novedades","category_nicename":"novedades","category_parent":0}],"tag_info":false,"_links":{"self":[{"href":"https:\/\/ibqtextiles.com\/en\/wp-json\/wp\/v2\/posts\/6658","targetHints":{"allow":["GET"]}}],"collection":[{"href":"https:\/\/ibqtextiles.com\/en\/wp-json\/wp\/v2\/posts"}],"about":[{"href":"https:\/\/ibqtextiles.com\/en\/wp-json\/wp\/v2\/types\/post"}],"author":[{"embeddable":true,"href":"https:\/\/ibqtextiles.com\/en\/wp-json\/wp\/v2\/users\/8"}],"replies":[{"embeddable":true,"href":"https:\/\/ibqtextiles.com\/en\/wp-json\/wp\/v2\/comments?post=6658"}],"version-history":[{"count":3,"href":"https:\/\/ibqtextiles.com\/en\/wp-json\/wp\/v2\/posts\/6658\/revisions"}],"predecessor-version":[{"id":6783,"href":"https:\/\/ibqtextiles.com\/en\/wp-json\/wp\/v2\/posts\/6658\/revisions\/6783"}],"wp:featuredmedia":[{"embeddable":true,"href":"https:\/\/ibqtextiles.com\/en\/wp-json\/wp\/v2\/media\/5499"}],"wp:attachment":[{"href":"https:\/\/ibqtextiles.com\/en\/wp-json\/wp\/v2\/media?parent=6658"}],"wp:term":[{"taxonomy":"category","embeddable":true,"href":"https:\/\/ibqtextiles.com\/en\/wp-json\/wp\/v2\/categories?post=6658"},{"taxonomy":"post_tag","embeddable":true,"href":"https:\/\/ibqtextiles.com\/en\/wp-json\/wp\/v2\/tags?post=6658"}],"curies":[{"name":"wp","href":"https:\/\/api.w.org\/{rel}","templated":true}]}}